{"id":6530,"date":"2026-04-30T16:11:29","date_gmt":"2026-04-30T19:11:29","guid":{"rendered":"https:\/\/www.acifas.com.br\/?p=6530"},"modified":"2026-04-30T16:11:31","modified_gmt":"2026-04-30T19:11:31","slug":"em-junho-acifas-celebra-eleicao-de-nova-diretoria","status":"publish","type":"post","link":"https:\/\/www.acifas.com.br\/?p=6530","title":{"rendered":"Em junho, Acifas celebra elei\u00e7\u00e3o de nova Diretoria"},"content":{"rendered":"\n<p>A grande maioria das pessoas sabe o carinho com que a ACIFAS representa F\u00e1tima do Sul em todas as oportunidades e em todo os recantos do Estado; sabe tamb\u00e9m da luta que a entidade sempre enfrentou em benef\u00edcio do progresso da cidade e do conforto dos seus habitantes; do esfor\u00e7o no dia a dia para promover o desenvolvimento da sua for\u00e7a econ\u00f4mica, na defesa do seu com\u00e9rcio. E faz muito mais nos bastidores, sem alarde, mantendo sempre imunidade em assuntos que n\u00e3o dizem respeito ao seu mister.<\/p>\n\n\n\n<p>Estamos chegando ao estertor de mais uma gest\u00e3o da Diretoria Administrativa e automaticamente da presid\u00eancia. Mesmo com as dificuldades que o mercado enfrenta, a Acifas conseguiu realizar este ano &#8211; em termos de eventos tradicionais &#8211;&nbsp; o Dia Internacional da Mulher e agora, faltando poucos dias, vai reprisar o Dia das M\u00e3es, como em todos os \u00faltimos 18 anos, &nbsp;sempre em benef\u00edcio do pr\u00f3prio com\u00e9rcio. Neste ano de 2026 ser\u00e1 a Semana das M\u00e3es, estendendo-se a promo\u00e7\u00e3o para tentar viabilizar uma performance maior nas vendas. Na primeira semana de junho teremos a elei\u00e7\u00e3o da nova Diretoria Administrativa para o tri\u00eanio 2026-2029. Na primeira semana de maio, abriremos as comportas da Casa para come\u00e7ar a receber manifesta\u00e7\u00f5es de interesse em presidir a Acifas nesse pr\u00f3ximo per\u00edodo e estaremos de bra\u00e7os abertos, como sempre, para quem desejar informa\u00e7\u00f5es de como fazer parte de mais esse movimento democr\u00e1tico. Desde j\u00e1 informando que o estatuto da entidade n\u00e3o permite liga\u00e7\u00f5es ou influ\u00eancias pol\u00edtico-partid\u00e1rias, especialmente em ano eleitoral.<\/p>\n","protected":false},"excerpt":{"rendered":"<p>A grande maioria das pessoas sabe o carinho com que a ACIFAS representa F\u00e1tima do Sul em todas as oportunidades e em todo os recantos do Estado; sabe tamb\u00e9m da luta que a entidade sempre enfrentou em benef\u00edcio do progresso da cidade e do conforto dos seus habitantes; do esfor\u00e7o no dia a dia para&hellip;&nbsp;<a href=\"https:\/\/www.acifas.com.br\/?p=6530\" rel=\"bookmark\">Continue a ler &raquo;<span class=\"screen-reader-text\">Em junho, Acifas celebra elei\u00e7\u00e3o de nova Diretoria<\/span><\/a><\/p>\n","protected":false},"author":1,"featured_media":6388,"comment_status":"open","ping_status":"open","sticky":false,"template":"","format":"standard","meta":{"neve_meta_sidebar":"","neve_meta_container":"","neve_meta_enable_content_width":"","neve_meta_content_width":0,"neve_meta_title_alignment":"","neve_meta_author_avatar":"","neve_post_elements_order":"","neve_meta_disable_header":"","neve_meta_disable_footer":"","neve_meta_disable_title":"","_ti_tpc_template_sync":false,"_ti_tpc_template_id":"","footnotes":""},"categories":[13],"tags":[],"class_list":["post-6530","post","type-post","status-publish","format-standard","has-post-thumbnail","hentry","category-simplesmente"],"yoast_head":"<!-- This site is optimized with the Yoast SEO plugin v21.1 - https:\/\/yoast.com\/wordpress\/plugins\/seo\/ -->\n<title>Em junho, Acifas celebra elei\u00e7\u00e3o de nova Diretoria - Associa\u00e7\u00e3o Comercial e Industrial de F\u00e1tima do Sul<\/title>\n<meta name=\"robots\" content=\"index, follow, max-snippet:-1, max-image-preview:large, max-video-preview:-1\" \/>\n<link rel=\"canonical\" href=\"https:\/\/www.acifas.com.br\/?p=6530\" \/>\n<meta property=\"og:locale\" content=\"pt_BR\" \/>\n<meta property=\"og:type\" content=\"article\" \/>\n<meta property=\"og:title\" content=\"Em junho, Acifas celebra elei\u00e7\u00e3o de nova Diretoria - Associa\u00e7\u00e3o Comercial e Industrial de F\u00e1tima do Sul\" \/>\n<meta property=\"og:description\" content=\"A grande maioria das pessoas sabe o carinho com que a ACIFAS representa F\u00e1tima do Sul em todas as oportunidades e em todo os recantos do Estado; sabe tamb\u00e9m da luta que a entidade sempre enfrentou em benef\u00edcio do progresso da cidade e do conforto dos seus habitantes; do esfor\u00e7o no dia a dia para&hellip;&nbsp;Continue a ler &raquo;Em junho, Acifas celebra elei\u00e7\u00e3o de nova Diretoria\" \/>\n<meta property=\"og:url\" content=\"https:\/\/www.acifas.com.br\/?p=6530\" \/>\n<meta property=\"og:site_name\" content=\"Associa\u00e7\u00e3o Comercial e Industrial de F\u00e1tima do Sul\" \/>\n<meta property=\"article:publisher\" content=\"https:\/\/www.facebook.com\/acifas.fsul\" \/>\n<meta property=\"article:published_time\" content=\"2026-04-30T19:11:29+00:00\" \/>\n<meta property=\"article:modified_time\" content=\"2026-04-30T19:11:31+00:00\" \/>\n<meta property=\"og:image\" content=\"https:\/\/www.acifas.com.br\/wp-content\/uploads\/2025\/03\/SITE-10.png\" \/>\n\t<meta property=\"og:image:width\" content=\"900\" \/>\n\t<meta property=\"og:image:height\" content=\"473\" \/>\n\t<meta property=\"og:image:type\" content=\"image\/png\" \/>\n<meta name=\"author\" content=\"adm\" \/>\n<meta name=\"twitter:card\" content=\"summary_large_image\" \/>\n<meta name=\"twitter:label1\" content=\"Escrito por\" \/>\n\t<meta name=\"twitter:data1\" content=\"adm\" \/>\n\t<meta name=\"twitter:label2\" content=\"Est. tempo de leitura\" \/>\n\t<meta name=\"twitter:data2\" content=\"2 minutos\" \/>\n<script type=\"application\/ld+json\" class=\"yoast-schema-graph\">{\"@context\":\"https:\/\/schema.org\",\"@graph\":[{\"@type\":\"Article\",\"@id\":\"https:\/\/www.acifas.com.br\/?p=6530#article\",\"isPartOf\":{\"@id\":\"https:\/\/www.acifas.com.br\/?p=6530\"},\"author\":{\"name\":\"adm\",\"@id\":\"https:\/\/www.acifas.com.br\/#\/schema\/person\/0867837e756cc6c595826323f357f713\"},\"headline\":\"Em junho, Acifas celebra elei\u00e7\u00e3o de nova Diretoria\",\"datePublished\":\"2026-04-30T19:11:29+00:00\",\"dateModified\":\"2026-04-30T19:11:31+00:00\",\"mainEntityOfPage\":{\"@id\":\"https:\/\/www.acifas.com.br\/?p=6530\"},\"wordCount\":289,\"commentCount\":0,\"publisher\":{\"@id\":\"https:\/\/www.acifas.com.br\/#organization\"},\"articleSection\":[\"Simplesmente\"],\"inLanguage\":\"pt-BR\",\"potentialAction\":[{\"@type\":\"CommentAction\",\"name\":\"Comment\",\"target\":[\"https:\/\/www.acifas.com.br\/?p=6530#respond\"]}]},{\"@type\":\"WebPage\",\"@id\":\"https:\/\/www.acifas.com.br\/?p=6530\",\"url\":\"https:\/\/www.acifas.com.br\/?p=6530\",\"name\":\"Em junho, Acifas celebra elei\u00e7\u00e3o de nova Diretoria - Associa\u00e7\u00e3o Comercial e Industrial de F\u00e1tima do Sul\",\"isPartOf\":{\"@id\":\"https:\/\/www.acifas.com.br\/#website\"},\"datePublished\":\"2026-04-30T19:11:29+00:00\",\"dateModified\":\"2026-04-30T19:11:31+00:00\",\"breadcrumb\":{\"@id\":\"https:\/\/www.acifas.com.br\/?p=6530#breadcrumb\"},\"inLanguage\":\"pt-BR\",\"potentialAction\":[{\"@type\":\"ReadAction\",\"target\":[\"https:\/\/www.acifas.com.br\/?p=6530\"]}]},{\"@type\":\"BreadcrumbList\",\"@id\":\"https:\/\/www.acifas.com.br\/?p=6530#breadcrumb\",\"itemListElement\":[{\"@type\":\"ListItem\",\"position\":1,\"name\":\"In\u00edcio\",\"item\":\"https:\/\/www.acifas.com.br\/\"},{\"@type\":\"ListItem\",\"position\":2,\"name\":\"Em junho, Acifas celebra elei\u00e7\u00e3o de nova Diretoria\"}]},{\"@type\":\"WebSite\",\"@id\":\"https:\/\/www.acifas.com.br\/#website\",\"url\":\"https:\/\/www.acifas.com.br\/\",\"name\":\"Associa\u00e7\u00e3o Comercial e Industrial de F\u00e1tima do Sul\",\"description\":\"Associa\u00e7\u00e3o Comercial e Industrial de F\u00e1tima do Sul\",\"publisher\":{\"@id\":\"https:\/\/www.acifas.com.br\/#organization\"},\"potentialAction\":[{\"@type\":\"SearchAction\",\"target\":{\"@type\":\"EntryPoint\",\"urlTemplate\":\"https:\/\/www.acifas.com.br\/?s={search_term_string}\"},\"query-input\":\"required name=search_term_string\"}],\"inLanguage\":\"pt-BR\"},{\"@type\":\"Organization\",\"@id\":\"https:\/\/www.acifas.com.br\/#organization\",\"name\":\"ACIFAS\",\"url\":\"https:\/\/www.acifas.com.br\/\",\"logo\":{\"@type\":\"ImageObject\",\"inLanguage\":\"pt-BR\",\"@id\":\"https:\/\/www.acifas.com.br\/#\/schema\/logo\/image\/\",\"url\":\"https:\/\/www.acifas.com.br\/wp-content\/uploads\/2020\/12\/logoACIFAS.png\",\"contentUrl\":\"https:\/\/www.acifas.com.br\/wp-content\/uploads\/2020\/12\/logoACIFAS.png\",\"width\":176,\"height\":115,\"caption\":\"ACIFAS\"},\"image\":{\"@id\":\"https:\/\/www.acifas.com.br\/#\/schema\/logo\/image\/\"},\"sameAs\":[\"https:\/\/www.facebook.com\/acifas.fsul\"]},{\"@type\":\"Person\",\"@id\":\"https:\/\/www.acifas.com.br\/#\/schema\/person\/0867837e756cc6c595826323f357f713\",\"name\":\"adm\",\"image\":{\"@type\":\"ImageObject\",\"inLanguage\":\"pt-BR\",\"@id\":\"https:\/\/www.acifas.com.br\/#\/schema\/person\/image\/\",\"url\":\"https:\/\/secure.gravatar.com\/avatar\/a522b8b154a458754a949370a8bff331?s=96&d=mm&r=g\",\"contentUrl\":\"https:\/\/secure.gravatar.com\/avatar\/a522b8b154a458754a949370a8bff331?s=96&d=mm&r=g\",\"caption\":\"adm\"},\"sameAs\":[\"http:\/\/portalsoft.sytes.net:8000\"],\"url\":\"https:\/\/www.acifas.com.br\/?author=1\"}]}<\/script>\n<!-- \/ Yoast SEO plugin. -->","yoast_head_json":{"title":"Em junho, Acifas celebra elei\u00e7\u00e3o de nova Diretoria - Associa\u00e7\u00e3o Comercial e Industrial de F\u00e1tima do Sul","robots":{"index":"index","follow":"follow","max-snippet":"max-snippet:-1","max-image-preview":"max-image-preview:large","max-video-preview":"max-video-preview:-1"},"canonical":"https:\/\/www.acifas.com.br\/?p=6530","og_locale":"pt_BR","og_type":"article","og_title":"Em junho, Acifas celebra elei\u00e7\u00e3o de nova Diretoria - Associa\u00e7\u00e3o Comercial e Industrial de F\u00e1tima do Sul","og_description":"A grande maioria das pessoas sabe o carinho com que a ACIFAS representa F\u00e1tima do Sul em todas as oportunidades e em todo os recantos do Estado; sabe tamb\u00e9m da luta que a entidade sempre enfrentou em benef\u00edcio do progresso da cidade e do conforto dos seus habitantes; do esfor\u00e7o no dia a dia para&hellip;&nbsp;Continue a ler &raquo;Em junho, Acifas celebra elei\u00e7\u00e3o de nova Diretoria","og_url":"https:\/\/www.acifas.com.br\/?p=6530","og_site_name":"Associa\u00e7\u00e3o Comercial e Industrial de F\u00e1tima do Sul","article_publisher":"https:\/\/www.facebook.com\/acifas.fsul","article_published_time":"2026-04-30T19:11:29+00:00","article_modified_time":"2026-04-30T19:11:31+00:00","og_image":[{"width":900,"height":473,"url":"https:\/\/www.acifas.com.br\/wp-content\/uploads\/2025\/03\/SITE-10.png","type":"image\/png"}],"author":"adm","twitter_card":"summary_large_image","twitter_misc":{"Escrito por":"adm","Est. tempo de leitura":"2 minutos"},"schema":{"@context":"https:\/\/schema.org","@graph":[{"@type":"Article","@id":"https:\/\/www.acifas.com.br\/?p=6530#article","isPartOf":{"@id":"https:\/\/www.acifas.com.br\/?p=6530"},"author":{"name":"adm","@id":"https:\/\/www.acifas.com.br\/#\/schema\/person\/0867837e756cc6c595826323f357f713"},"headline":"Em junho, Acifas celebra elei\u00e7\u00e3o de nova Diretoria","datePublished":"2026-04-30T19:11:29+00:00","dateModified":"2026-04-30T19:11:31+00:00","mainEntityOfPage":{"@id":"https:\/\/www.acifas.com.br\/?p=6530"},"wordCount":289,"commentCount":0,"publisher":{"@id":"https:\/\/www.acifas.com.br\/#organization"},"articleSection":["Simplesmente"],"inLanguage":"pt-BR","potentialAction":[{"@type":"CommentAction","name":"Comment","target":["https:\/\/www.acifas.com.br\/?p=6530#respond"]}]},{"@type":"WebPage","@id":"https:\/\/www.acifas.com.br\/?p=6530","url":"https:\/\/www.acifas.com.br\/?p=6530","name":"Em junho, Acifas celebra elei\u00e7\u00e3o de nova Diretoria - Associa\u00e7\u00e3o Comercial e Industrial de F\u00e1tima do Sul","isPartOf":{"@id":"https:\/\/www.acifas.com.br\/#website"},"datePublished":"2026-04-30T19:11:29+00:00","dateModified":"2026-04-30T19:11:31+00:00","breadcrumb":{"@id":"https:\/\/www.acifas.com.br\/?p=6530#breadcrumb"},"inLanguage":"pt-BR","potentialAction":[{"@type":"ReadAction","target":["https:\/\/www.acifas.com.br\/?p=6530"]}]},{"@type":"BreadcrumbList","@id":"https:\/\/www.acifas.com.br\/?p=6530#breadcrumb","itemListElement":[{"@type":"ListItem","position":1,"name":"In\u00edcio","item":"https:\/\/www.acifas.com.br\/"},{"@type":"ListItem","position":2,"name":"Em junho, Acifas celebra elei\u00e7\u00e3o de nova Diretoria"}]},{"@type":"WebSite","@id":"https:\/\/www.acifas.com.br\/#website","url":"https:\/\/www.acifas.com.br\/","name":"Associa\u00e7\u00e3o Comercial e Industrial de F\u00e1tima do Sul","description":"Associa\u00e7\u00e3o Comercial e Industrial de F\u00e1tima do Sul","publisher":{"@id":"https:\/\/www.acifas.com.br\/#organization"},"potentialAction":[{"@type":"SearchAction","target":{"@type":"EntryPoint","urlTemplate":"https:\/\/www.acifas.com.br\/?s={search_term_string}"},"query-input":"required name=search_term_string"}],"inLanguage":"pt-BR"},{"@type":"Organization","@id":"https:\/\/www.acifas.com.br\/#organization","name":"ACIFAS","url":"https:\/\/www.acifas.com.br\/","logo":{"@type":"ImageObject","inLanguage":"pt-BR","@id":"https:\/\/www.acifas.com.br\/#\/schema\/logo\/image\/","url":"https:\/\/www.acifas.com.br\/wp-content\/uploads\/2020\/12\/logoACIFAS.png","contentUrl":"https:\/\/www.acifas.com.br\/wp-content\/uploads\/2020\/12\/logoACIFAS.png","width":176,"height":115,"caption":"ACIFAS"},"image":{"@id":"https:\/\/www.acifas.com.br\/#\/schema\/logo\/image\/"},"sameAs":["https:\/\/www.facebook.com\/acifas.fsul"]},{"@type":"Person","@id":"https:\/\/www.acifas.com.br\/#\/schema\/person\/0867837e756cc6c595826323f357f713","name":"adm","image":{"@type":"ImageObject","inLanguage":"pt-BR","@id":"https:\/\/www.acifas.com.br\/#\/schema\/person\/image\/","url":"https:\/\/secure.gravatar.com\/avatar\/a522b8b154a458754a949370a8bff331?s=96&d=mm&r=g","contentUrl":"https:\/\/secure.gravatar.com\/avatar\/a522b8b154a458754a949370a8bff331?s=96&d=mm&r=g","caption":"adm"},"sameAs":["http:\/\/portalsoft.sytes.net:8000"],"url":"https:\/\/www.acifas.com.br\/?author=1"}]}},"_links":{"self":[{"href":"https:\/\/www.acifas.com.br\/index.php?rest_route=\/wp\/v2\/posts\/6530","targetHints":{"allow":["GET"]}}],"collection":[{"href":"https:\/\/www.acifas.com.br\/index.php?rest_route=\/wp\/v2\/posts"}],"about":[{"href":"https:\/\/www.acifas.com.br\/index.php?rest_route=\/wp\/v2\/types\/post"}],"author":[{"embeddable":true,"href":"https:\/\/www.acifas.com.br\/index.php?rest_route=\/wp\/v2\/users\/1"}],"replies":[{"embeddable":true,"href":"https:\/\/www.acifas.com.br\/index.php?rest_route=%2Fwp%2Fv2%2Fcomments&post=6530"}],"version-history":[{"count":1,"href":"https:\/\/www.acifas.com.br\/index.php?rest_route=\/wp\/v2\/posts\/6530\/revisions"}],"predecessor-version":[{"id":6531,"href":"https:\/\/www.acifas.com.br\/index.php?rest_route=\/wp\/v2\/posts\/6530\/revisions\/6531"}],"wp:featuredmedia":[{"embeddable":true,"href":"https:\/\/www.acifas.com.br\/index.php?rest_route=\/wp\/v2\/media\/6388"}],"wp:attachment":[{"href":"https:\/\/www.acifas.com.br\/index.php?rest_route=%2Fwp%2Fv2%2Fmedia&parent=6530"}],"wp:term":[{"taxonomy":"category","embeddable":true,"href":"https:\/\/www.acifas.com.br\/index.php?rest_route=%2Fwp%2Fv2%2Fcategories&post=6530"},{"taxonomy":"post_tag","embeddable":true,"href":"https:\/\/www.acifas.com.br\/index.php?rest_route=%2Fwp%2Fv2%2Ftags&post=6530"}],"curies":[{"name":"wp","href":"https:\/\/api.w.org\/{rel}","templated":true}]}}